{"id":1437,"date":"2019-01-12T14:27:10","date_gmt":"2019-01-12T14:27:10","guid":{"rendered":"https:\/\/felipesanclemente.com\/?p=1437"},"modified":"2025-07-28T16:10:36","modified_gmt":"2025-07-28T16:10:36","slug":"el-dulce-tren-de-la-vida-canero","status":"publish","type":"post","link":"https:\/\/felipesanclemente.com\/es\/el-dulce-tren-de-la-vida-canero\/","title":{"rendered":"El dulce tren de la vida (Ca\u00f1ero)"},"content":{"rendered":"<div class=\"page\" title=\"Page 1\">\n<div class=\"layoutArea\">\n<div class=\"column\">\n<p>Que ser\u00e1 lo que all\u00e1 viene, en un d\u00eda de calor, es un trencito ca\u00f1ero, trabajando con ardor<\/p>\n<p><iframe loading=\"lazy\" title=\"Dia Gris\" src=\"https:\/\/player.vimeo.com\/video\/310958195?dnt=1&amp;app_id=122963\" width=\"1140\" height=\"641\" frameborder=\"0\" allow=\"autoplay; fullscreen; picture-in-picture; clipboard-write; encrypted-media; web-share\" referrerpolicy=\"strict-origin-when-cross-origin\"><\/iframe><\/p>\n<h3>Carta de despedida a mi madre GLADYS LLANOS DE SANCLEMENTE<\/h3>\n<p><img loading=\"lazy\" decoding=\"async\" class=\"alignnone size-full wp-image-1438\" src=\"https:\/\/felipesanclemente.com\/wp-content\/uploads\/2019\/01\/madre.jpg\" alt=\"\" width=\"3090\" height=\"1230\" srcset=\"https:\/\/felipesanclemente.com\/wp-content\/uploads\/2019\/01\/madre.jpg 3090w, https:\/\/felipesanclemente.com\/wp-content\/uploads\/2019\/01\/madre-300x119.jpg 300w, https:\/\/felipesanclemente.com\/wp-content\/uploads\/2019\/01\/madre-768x306.jpg 768w, https:\/\/felipesanclemente.com\/wp-content\/uploads\/2019\/01\/madre-1024x408.jpg 1024w, https:\/\/felipesanclemente.com\/wp-content\/uploads\/2019\/01\/madre-330x131.jpg 330w, https:\/\/felipesanclemente.com\/wp-content\/uploads\/2019\/01\/madre-1920x764.jpg 1920w, https:\/\/felipesanclemente.com\/wp-content\/uploads\/2019\/01\/madre-736x293.jpg 736w, https:\/\/felipesanclemente.com\/wp-content\/uploads\/2019\/01\/madre-1280x510.jpg 1280w, https:\/\/felipesanclemente.com\/wp-content\/uploads\/2019\/01\/madre-414x165.jpg 414w\" sizes=\"auto, (max-width: 3090px) 100vw, 3090px\" \/><\/p>\n<p>Querida vieja:<\/p>\n<p>Estos u\u0301ltimos di\u0301as han sido para mi de gran reflexio\u0301n al rememorar tu vida y tratar de recomponer tus pensamientos en la educacio\u0301n que me diste. No es fa\u0301cil como hijo, ver a quien te dio la vida ir extinguie\u0301ndose lentamente como una vela en un corto pabilo. Esa pequen\u0303a llama azul redonda que ahora mantiene tu mirada vaci\u0301a, fue alguna vez una llamarada ardiente y pasional que creyo\u0301 firmemente en el determinismo racional como gobierno auto regulador de la voluntad humana. Es por eso que al verte me veo y en tus ojos veo el futuro de todos a su encuentro con la muerte.<\/p>\n<p>Pero no es un mirar triste. Al contrario. Regocijo en la vida que tuviste y no en vano he de imaginar como tu mente se ausento\u0301 al final conociendo i\u0301ntimamente tu alma y tu conocimiento de las pasiones humanas. Siempre fuiste luz y gui\u0301a, no solo de mi de mi padre y de mi hermano; si no de muchas personas que encontraron en tu incondicional escucha el sosiego para resistir en el cotidiano transitar que siempre dedujiste como vida.<\/p>\n<p>Hoy mirando hacia atra\u0301s, y de alguna manera recogiendo el significado de tu vida, no solo como dadora de vida para mi y mi hermano, como abuela para Mati\u0301as y Maia, si no como compan\u0303era de vida de Mauro, mi padre. Ser madre, para mi es principio de vida, para ti parte fundamental de la tuya y para Mauro, el complemente de quien en sus ojos era la persona con la que decidio\u0301 conformar una familia. Hoy, ya adulto, reconozco el valor de todas esas decisiones. Reconozco en ellas el valor de tomarlas y acatarlas. Pero sin embargo, admiro la entereza con la que defendiste tu individualidad y libertad para vivir.<\/p>\n<p><img loading=\"lazy\" decoding=\"async\" class=\"alignnone size-full wp-image-1439\" src=\"https:\/\/felipesanclemente.com\/wp-content\/uploads\/2019\/01\/maurogladys.png\" alt=\"\" width=\"1990\" height=\"690\" srcset=\"https:\/\/felipesanclemente.com\/wp-content\/uploads\/2019\/01\/maurogladys.png 1990w, https:\/\/felipesanclemente.com\/wp-content\/uploads\/2019\/01\/maurogladys-300x104.png 300w, https:\/\/felipesanclemente.com\/wp-content\/uploads\/2019\/01\/maurogladys-768x266.png 768w, https:\/\/felipesanclemente.com\/wp-content\/uploads\/2019\/01\/maurogladys-1024x355.png 1024w, https:\/\/felipesanclemente.com\/wp-content\/uploads\/2019\/01\/maurogladys-330x114.png 330w, https:\/\/felipesanclemente.com\/wp-content\/uploads\/2019\/01\/maurogladys-1920x666.png 1920w, https:\/\/felipesanclemente.com\/wp-content\/uploads\/2019\/01\/maurogladys-736x255.png 736w, https:\/\/felipesanclemente.com\/wp-content\/uploads\/2019\/01\/maurogladys-1280x444.png 1280w, https:\/\/felipesanclemente.com\/wp-content\/uploads\/2019\/01\/maurogladys-414x144.png 414w\" sizes=\"auto, (max-width: 1990px) 100vw, 1990px\" \/><\/p>\n<p>Fue desde siempre, ya que puedo decir que te conozco de toda la vida, libre y sibarita. Nihilista comprometida con tus creencia y luchadora por domesticar racionalmente tus afectos. Siempre te atrajo la naturaleza humana y sus vericuetos. Desde tus estudios me\u0301dicos quisiste conocer la mente humana y con el tiempo decidiste que son los pensamientos quienes comandan la partida de las emociones, sin desconocer su instinto y profundidad inconsciente. Encontraste gui\u0301a en Arcila y te condujo a Freud, quienes fueron tus maestros y consejeros en la desden\u0303osa tarea de comprender la complejidad emocional de la mente humana.<\/p>\n<p>Transitaste por el conocimiento, y a pesar de no escribir sobre lo que vei\u0301as, los trazo de tu entendimiento esta\u0301n en las huellas que dejaste en todos los que te conocieron. Tus amigos te aman y extran\u0303an, y en silencio anhelan el re confortable oi\u0301do que prestabas. He sido testigo durante estos an\u0303os de tu enfermedad, que como en casa de herrero azado\u0301n de palo; llevaron a que al final escaparas del dolor emocional de la vejez y la muerte. Ausente en voluntad, presente en cuerpo cruel y real, hoy somos mi viejo, Edna y yo, con ayuda de varias personas que en su momento y a sus estilo nos brindan la mano para superar la adversidad del diario vivir.<\/p>\n<\/div>\n<\/div>\n<\/div>\n<div class=\"page\" title=\"Page 2\">\n<div class=\"layoutArea\">\n<div class=\"column\">\n<p>Y sin embargo, al mirar lo duro del presente, reconozco lo fuerte que me has hecho. En esa moral sin sancio\u0301n ni obligacio\u0301n; en esa e\u0301tica Spinoziana que atraveso\u0301 mi educacio\u0301n familiar te rememoro y agradezco. La fortaleza de hoy se la debo a tu ayuda a cargar con el dolor gene\u0301tico y cultural de sufrimiento que en la familia estamos acostumbrados a cargar. Se lo que duele comprender las acciones humanas y lo que el libre albedr\u00edo nos pone al frente como acciones libres. Se tambie\u0301n que el acto de amor es la generosidad mas pura y consiente de amor propio. Se tambie\u0301n que la vida se disfruta, y como Dio\u0301genes y epicu\u0301reo son los placeres quien gui\u0301an el camino emocional mientras lidiamos con la fuerza auto destructiva del Tanatos. Pero discernir es tu ensen\u0303anza, y sin duda hoy me veo como hombre libre y consiente, preso del sentir pero libre de determinar las acciones de mi trascender. Y eso madre, eres tu viva, en mi.<\/p>\n<p><img loading=\"lazy\" decoding=\"async\" class=\"alignnone size-full wp-image-1440\" src=\"https:\/\/felipesanclemente.com\/wp-content\/uploads\/2019\/01\/ma.jpg\" alt=\"\" width=\"8914\" height=\"1726\" srcset=\"https:\/\/felipesanclemente.com\/wp-content\/uploads\/2019\/01\/ma.jpg 8914w, https:\/\/felipesanclemente.com\/wp-content\/uploads\/2019\/01\/ma-300x58.jpg 300w, https:\/\/felipesanclemente.com\/wp-content\/uploads\/2019\/01\/ma-768x149.jpg 768w, https:\/\/felipesanclemente.com\/wp-content\/uploads\/2019\/01\/ma-1024x198.jpg 1024w, https:\/\/felipesanclemente.com\/wp-content\/uploads\/2019\/01\/ma-330x64.jpg 330w, https:\/\/felipesanclemente.com\/wp-content\/uploads\/2019\/01\/ma-1920x372.jpg 1920w, https:\/\/felipesanclemente.com\/wp-content\/uploads\/2019\/01\/ma-736x143.jpg 736w, https:\/\/felipesanclemente.com\/wp-content\/uploads\/2019\/01\/ma-1280x248.jpg 1280w, https:\/\/felipesanclemente.com\/wp-content\/uploads\/2019\/01\/ma-414x80.jpg 414w\" sizes=\"auto, (max-width: 8914px) 100vw, 8914px\" \/><\/p>\n<p>Por eso traigo a viva voz tu tantas veces renombrado brindis: \u201cpor la vida, que es clara, undivaga y abierta como el mar\u201d ; \u201clas algas marineras y los peces testigos son de que escribi\u0301 en la arena tu bien amado nombre muchas veces\u201d. Por que es un leitmotiv que gui\u00f3 tu vida y por ende la mi\u0301a. El recuerdo del brindis que imploraba el disfrutar del momento, y de valorar lo que se tiene y lo que se es; Que tambie\u0301n deci\u0301as: \u201c lo que di, lo tengo; lo que gaste, lo tuve; lo que guarde, lo perdi\u0301\u201d<\/p>\n<p><img loading=\"lazy\" decoding=\"async\" class=\"alignnone size-full wp-image-1448\" src=\"https:\/\/felipesanclemente.com\/wp-content\/uploads\/2019\/01\/29510979_10160339544345601_8877187927516381184_o.jpg\" alt=\"\" width=\"1963\" height=\"1474\" srcset=\"https:\/\/felipesanclemente.com\/wp-content\/uploads\/2019\/01\/29510979_10160339544345601_8877187927516381184_o.jpg 1963w, https:\/\/felipesanclemente.com\/wp-content\/uploads\/2019\/01\/29510979_10160339544345601_8877187927516381184_o-300x225.jpg 300w, https:\/\/felipesanclemente.com\/wp-content\/uploads\/2019\/01\/29510979_10160339544345601_8877187927516381184_o-768x577.jpg 768w, https:\/\/felipesanclemente.com\/wp-content\/uploads\/2019\/01\/29510979_10160339544345601_8877187927516381184_o-1024x768.jpg 1024w, https:\/\/felipesanclemente.com\/wp-content\/uploads\/2019\/01\/29510979_10160339544345601_8877187927516381184_o-330x248.jpg 330w, https:\/\/felipesanclemente.com\/wp-content\/uploads\/2019\/01\/29510979_10160339544345601_8877187927516381184_o-1705x1280.jpg 1705w, https:\/\/felipesanclemente.com\/wp-content\/uploads\/2019\/01\/29510979_10160339544345601_8877187927516381184_o-551x414.jpg 551w, https:\/\/felipesanclemente.com\/wp-content\/uploads\/2019\/01\/29510979_10160339544345601_8877187927516381184_o-1280x961.jpg 1280w, https:\/\/felipesanclemente.com\/wp-content\/uploads\/2019\/01\/29510979_10160339544345601_8877187927516381184_o-414x311.jpg 414w\" sizes=\"auto, (max-width: 1963px) 100vw, 1963px\" \/><\/p>\n<p>Ahora al rememorar tus gestos, tus acciones, amores y desamores. Reconstruyo y dignifico tu ejemplo al ser en ti, espejo de lo que eres. Si bien, crecer es reconocerte como individuo, madurar es aceptar tu cara\u0301cter, es ahora, al ocaso de tu vida; cuando veo lo que me dejaste. Mi pasio\u0301n por entender es tuya. La afinidad para escuchar al otro y quiza\u0301 reconfortarlo tambie\u0301n. Seguramente la franqueza ci\u0301nica era algo que no conoci\u0301 como tu hijo, a pesar de que senti\u0301 mil veces que tus emociones apaciguaban mi volatilidad y con el tiempo, eventualmente me converti\u0301 en muestra viva del autoconocimiento y de que el pensamiento era la cura para el dolor.<\/p>\n<p>Hoy te veo partir poco a poco, hasta el final exigiendo ser el centro de la familia, trono que quise derrocar de adolescente al buscar en Wittgenstein aliados para usurpar el trono del inconsciente. Pero que equivocado estaba. Los limites del lenguaje eran tan solo la orilla del conocer del cual me hablaste desde nin\u0303o. Puedo hoy mirar atra\u0301s y comprender la dureza de tus acciones para controlar el indo\u0301mito talante juvenil de tu primoge\u0301nito. Veo tambie\u0301n la alianza de amistad plausible que hiciste con mi hermano y las exigencias de participacio\u0301n que abogabas de mi padre. Ahora, cuando estas a la puerta de cumplir tus bodas de oro, veo el triunfo de la diferencia como cohesio\u0301n en la pareja. Ustedes mantuvieron fielmente su esencia hasta el final, y aunque viene con grandes perdidas y vaci\u0301os, reconozco el triunfo espiritual que han logrado.<\/p>\n<p><img loading=\"lazy\" decoding=\"async\" class=\"alignnone size-full wp-image-1441\" src=\"https:\/\/felipesanclemente.com\/wp-content\/uploads\/2019\/01\/familia.jpg\" alt=\"\" width=\"2114\" height=\"371\" srcset=\"https:\/\/felipesanclemente.com\/wp-content\/uploads\/2019\/01\/familia.jpg 2114w, https:\/\/felipesanclemente.com\/wp-content\/uploads\/2019\/01\/familia-300x53.jpg 300w, https:\/\/felipesanclemente.com\/wp-content\/uploads\/2019\/01\/familia-768x135.jpg 768w, https:\/\/felipesanclemente.com\/wp-content\/uploads\/2019\/01\/familia-1024x180.jpg 1024w, https:\/\/felipesanclemente.com\/wp-content\/uploads\/2019\/01\/familia-330x58.jpg 330w, https:\/\/felipesanclemente.com\/wp-content\/uploads\/2019\/01\/familia-1920x337.jpg 1920w, https:\/\/felipesanclemente.com\/wp-content\/uploads\/2019\/01\/familia-736x129.jpg 736w, https:\/\/felipesanclemente.com\/wp-content\/uploads\/2019\/01\/familia-1280x225.jpg 1280w, https:\/\/felipesanclemente.com\/wp-content\/uploads\/2019\/01\/familia-414x73.jpg 414w\" sizes=\"auto, (max-width: 2114px) 100vw, 2114px\" \/><\/p>\n<p>Tristes, viendo la crueldad de lo real; te hemos acompan\u0303ado en esta lenta y dolorosa partida. Mauro ha estado a tu lado, ya cansado pero sin desfallecer, a cuidado de ti por mas de 50 an\u0303os. Lo hace cada di\u0301a, cada noche. Lo hizo en cada sacrificio de su propio ser para que florecieras y volaras en esporas por el mundo. Que ejemplo de lo que es amar en libertad. He aprendido de ambos la entrega incondicional que significa amar. Y entiendo que el u\u0301nico sentido de la vida es dar. La generosidad de tu lenguaje, de las acciones del viejo, del pragmatismo de Juan; me han hecho desbordarme en creatividad.<\/p>\n<\/div>\n<\/div>\n<\/div>\n<div class=\"page\" title=\"Page 3\">\n<div class=\"layoutArea\">\n<div class=\"column\">\n<p>Y ahora desde el arte, prometo madre dejar una huella de lo que buscaste, y sera\u0301 mi tarea personal en lo que me queda, ensen\u0303arle a la maquina la e\u0301tica, que como recurso es tan escaso y espero poder hablar pronto con tus pensamientos trascendiendo el conocimiento cognitivo neuronal a un soporte computacional en donde quiza\u0301 mas pronto de lo que creamos, sera\u0301s ideas, palabras y discursos. Te prometo madre mi\u0301a que lo que soy, quedara escrito y creado, para que siga siendo norte en la familia, y que quiza\u0301 en un tiempo tus nietos; entiendan tu capacidad de conocer nuestras emociones, para asi\u0301 caminar mas tranquilos en el di\u0301a a di\u0301a que es la vida.<\/p>\n<p><img loading=\"lazy\" decoding=\"async\" class=\"alignnone size-full wp-image-1442\" src=\"https:\/\/felipesanclemente.com\/wp-content\/uploads\/2019\/01\/crewmembers.jpg\" alt=\"\" width=\"2168\" height=\"477\" srcset=\"https:\/\/felipesanclemente.com\/wp-content\/uploads\/2019\/01\/crewmembers.jpg 2168w, https:\/\/felipesanclemente.com\/wp-content\/uploads\/2019\/01\/crewmembers-300x66.jpg 300w, https:\/\/felipesanclemente.com\/wp-content\/uploads\/2019\/01\/crewmembers-768x169.jpg 768w, https:\/\/felipesanclemente.com\/wp-content\/uploads\/2019\/01\/crewmembers-1024x225.jpg 1024w, https:\/\/felipesanclemente.com\/wp-content\/uploads\/2019\/01\/crewmembers-330x73.jpg 330w, https:\/\/felipesanclemente.com\/wp-content\/uploads\/2019\/01\/crewmembers-1920x422.jpg 1920w, https:\/\/felipesanclemente.com\/wp-content\/uploads\/2019\/01\/crewmembers-736x162.jpg 736w, https:\/\/felipesanclemente.com\/wp-content\/uploads\/2019\/01\/crewmembers-1280x282.jpg 1280w, https:\/\/felipesanclemente.com\/wp-content\/uploads\/2019\/01\/crewmembers-414x91.jpg 414w\" sizes=\"auto, (max-width: 2168px) 100vw, 2168px\" \/><\/p>\n<p>Gracias, y espero que en tu mente retumben las palabras que me compartiste en secreto hace an\u0303os, y que permitas que tu transito fuera del cuerpo sea en paz. Aca\u0301 seguire\u0301 cuidando al viejo, a tu hijo y nietos, a Edna quien te dio tanto en estos an\u0303os; y sin duda a mi\u0301. Pues fue esto tu mayor regalo. Te amo<\/p>\n<\/div>\n<p>&nbsp;<\/p>\n<p><img loading=\"lazy\" decoding=\"async\" class=\"alignnone size-full wp-image-1443\" src=\"https:\/\/felipesanclemente.com\/wp-content\/uploads\/2019\/01\/mother.jpg\" alt=\"\" width=\"2136\" height=\"940\" srcset=\"https:\/\/felipesanclemente.com\/wp-content\/uploads\/2019\/01\/mother.jpg 2136w, https:\/\/felipesanclemente.com\/wp-content\/uploads\/2019\/01\/mother-300x132.jpg 300w, https:\/\/felipesanclemente.com\/wp-content\/uploads\/2019\/01\/mother-768x338.jpg 768w, https:\/\/felipesanclemente.com\/wp-content\/uploads\/2019\/01\/mother-1024x451.jpg 1024w, https:\/\/felipesanclemente.com\/wp-content\/uploads\/2019\/01\/mother-330x145.jpg 330w, https:\/\/felipesanclemente.com\/wp-content\/uploads\/2019\/01\/mother-1920x845.jpg 1920w, https:\/\/felipesanclemente.com\/wp-content\/uploads\/2019\/01\/mother-736x324.jpg 736w, https:\/\/felipesanclemente.com\/wp-content\/uploads\/2019\/01\/mother-1280x563.jpg 1280w, https:\/\/felipesanclemente.com\/wp-content\/uploads\/2019\/01\/mother-414x182.jpg 414w\" sizes=\"auto, (max-width: 2136px) 100vw, 2136px\" \/><\/p>\n<\/div>\n<\/div>","protected":false},"excerpt":{"rendered":"<p>Que ser\u00e1 lo que all\u00e1 viene, en un d\u00eda de calor, es un trencito ca\u00f1ero, trabajando con ardor Carta de despedida a mi madre GLADYS LLANOS DE SANCLEMENTE Querida vieja: Estos u\u0301ltimos di\u0301as han sido para mi de gran reflexio\u0301n al rememorar tu vida y tratar de recomponer tus pensamientos en la educacio\u0301n que me [&hellip;]<\/p>\n","protected":false},"author":1,"featured_media":1444,"comment_status":"open","ping_status":"open","sticky":false,"template":"","format":"standard","meta":{"_coblocks_attr":"","_coblocks_dimensions":"","_coblocks_responsive_height":"","_coblocks_accordion_ie_support":"","om_disable_all_campaigns":false,"_monsterinsights_skip_tracking":false,"_monsterinsights_sitenote_active":false,"_monsterinsights_sitenote_note":"","_monsterinsights_sitenote_category":0,"_uf_show_specific_survey":0,"_uf_disable_surveys":false,"footnotes":""},"categories":[1],"tags":[],"class_list":["post-1437","post","type-post","status-publish","format-standard","has-post-thumbnail","hentry","category-notes"],"aioseo_notices":[],"yoast_head":"<!-- This site is optimized with the Yoast SEO plugin v26.1.1 - https:\/\/yoast.com\/wordpress\/plugins\/seo\/ -->\n<title>El dulce tren de la vida (Ca\u00f1ero) - Felipe Sanclemente<\/title>\n<meta name=\"robots\" content=\"index, follow, max-snippet:-1, max-image-preview:large, max-video-preview:-1\" \/>\n<link rel=\"canonical\" href=\"https:\/\/felipesanclemente.com\/el-dulce-tren-de-la-vida-canero\/\" \/>\n<meta property=\"og:locale\" content=\"es_ES\" \/>\n<meta property=\"og:type\" content=\"article\" \/>\n<meta property=\"og:title\" content=\"[:en]The sweet train of life (Sugar Cane)[:es]El dulce tren de la vida (Ca\u00f1ero)[:] - Felipe Sanclemente\" \/>\n<meta property=\"og:description\" content=\"Que ser\u00e1 lo que all\u00e1 viene, en un d\u00eda de calor, es un trencito ca\u00f1ero, trabajando con ardor Carta de despedida a mi madre GLADYS LLANOS DE SANCLEMENTE Querida vieja: Estos u\u0301ltimos di\u0301as han sido para mi de gran reflexio\u0301n al rememorar tu vida y tratar de recomponer tus pensamientos en la educacio\u0301n que me [&hellip;]\" \/>\n<meta property=\"og:url\" content=\"https:\/\/felipesanclemente.com\/el-dulce-tren-de-la-vida-canero\/\" \/>\n<meta property=\"og:site_name\" content=\"Felipe Sanclemente\" \/>\n<meta property=\"article:author\" content=\"https:\/\/www.facebook.com\/felipe.sanclemente\" \/>\n<meta property=\"article:published_time\" content=\"2019-01-12T14:27:10+00:00\" \/>\n<meta property=\"article:modified_time\" content=\"2025-07-28T16:10:36+00:00\" \/>\n<meta property=\"og:image\" content=\"https:\/\/felipesanclemente.com\/wp-content\/uploads\/2019\/01\/tren-dulce.jpg\" \/>\n\t<meta property=\"og:image:width\" content=\"2208\" \/>\n\t<meta property=\"og:image:height\" content=\"889\" \/>\n\t<meta property=\"og:image:type\" content=\"image\/jpeg\" \/>\n<meta name=\"author\" content=\"Sanclemente\" \/>\n<meta name=\"twitter:card\" content=\"summary_large_image\" \/>\n<meta name=\"twitter:creator\" content=\"@https:\/\/x.com\/f_sanclemente\" \/>\n<meta name=\"twitter:label1\" content=\"Escrito por\" \/>\n\t<meta name=\"twitter:data1\" content=\"Sanclemente\" \/>\n\t<meta name=\"twitter:label2\" content=\"Tiempo de lectura\" \/>\n\t<meta name=\"twitter:data2\" content=\"8 minutos\" \/>\n<script type=\"application\/ld+json\" class=\"yoast-schema-graph\">{\"@context\":\"https:\/\/schema.org\",\"@graph\":[{\"@type\":\"WebPage\",\"@id\":\"https:\/\/felipesanclemente.com\/el-dulce-tren-de-la-vida-canero\/\",\"url\":\"https:\/\/felipesanclemente.com\/el-dulce-tren-de-la-vida-canero\/\",\"name\":\"[:en]The sweet train of life (Sugar Cane)[:es]El dulce tren de la vida (Ca\u00f1ero)[:] - Felipe Sanclemente\",\"isPartOf\":{\"@id\":\"https:\/\/felipesanclemente.com\/#website\"},\"primaryImageOfPage\":{\"@id\":\"https:\/\/felipesanclemente.com\/el-dulce-tren-de-la-vida-canero\/#primaryimage\"},\"image\":{\"@id\":\"https:\/\/felipesanclemente.com\/el-dulce-tren-de-la-vida-canero\/#primaryimage\"},\"thumbnailUrl\":\"https:\/\/felipesanclemente.com\/wp-content\/uploads\/2019\/01\/tren-dulce.jpg\",\"datePublished\":\"2019-01-12T14:27:10+00:00\",\"dateModified\":\"2025-07-28T16:10:36+00:00\",\"author\":{\"@id\":\"https:\/\/felipesanclemente.com\/#\/schema\/person\/e0f1657e375ab6af8c9e49533eaed851\"},\"breadcrumb\":{\"@id\":\"https:\/\/felipesanclemente.com\/el-dulce-tren-de-la-vida-canero\/#breadcrumb\"},\"inLanguage\":\"es\",\"potentialAction\":[{\"@type\":\"ReadAction\",\"target\":[\"https:\/\/felipesanclemente.com\/el-dulce-tren-de-la-vida-canero\/\"]}]},{\"@type\":\"ImageObject\",\"inLanguage\":\"es\",\"@id\":\"https:\/\/felipesanclemente.com\/el-dulce-tren-de-la-vida-canero\/#primaryimage\",\"url\":\"https:\/\/felipesanclemente.com\/wp-content\/uploads\/2019\/01\/tren-dulce.jpg\",\"contentUrl\":\"https:\/\/felipesanclemente.com\/wp-content\/uploads\/2019\/01\/tren-dulce.jpg\",\"width\":2208,\"height\":889},{\"@type\":\"BreadcrumbList\",\"@id\":\"https:\/\/felipesanclemente.com\/el-dulce-tren-de-la-vida-canero\/#breadcrumb\",\"itemListElement\":[{\"@type\":\"ListItem\",\"position\":1,\"name\":\"Portada\",\"item\":\"https:\/\/felipesanclemente.com\/\"},{\"@type\":\"ListItem\",\"position\":2,\"name\":\"The sweet train of life (Sugar Cane)\"}]},{\"@type\":\"WebSite\",\"@id\":\"https:\/\/felipesanclemente.com\/#website\",\"url\":\"https:\/\/felipesanclemente.com\/\",\"name\":\"Felipe Sanclemente\",\"description\":\"Felipe Sanclemente Portfolio\",\"potentialAction\":[{\"@type\":\"SearchAction\",\"target\":{\"@type\":\"EntryPoint\",\"urlTemplate\":\"https:\/\/felipesanclemente.com\/?s={search_term_string}\"},\"query-input\":{\"@type\":\"PropertyValueSpecification\",\"valueRequired\":true,\"valueName\":\"search_term_string\"}}],\"inLanguage\":\"es\"},{\"@type\":\"Person\",\"@id\":\"https:\/\/felipesanclemente.com\/#\/schema\/person\/e0f1657e375ab6af8c9e49533eaed851\",\"name\":\"Sanclemente\",\"image\":{\"@type\":\"ImageObject\",\"inLanguage\":\"es\",\"@id\":\"https:\/\/felipesanclemente.com\/#\/schema\/person\/image\/\",\"url\":\"https:\/\/secure.gravatar.com\/avatar\/6db769b7900737bd48dfde7338307376431bea4381979fd9ccf712c8671ba90a?s=96&d=mm&r=g\",\"contentUrl\":\"https:\/\/secure.gravatar.com\/avatar\/6db769b7900737bd48dfde7338307376431bea4381979fd9ccf712c8671ba90a?s=96&d=mm&r=g\",\"caption\":\"Sanclemente\"},\"description\":\"Piloto, arquitecto, artista y creador audiovisual. Con 20 an\u0303os de experiencia en la produccio\u0301n audiovisual en diversos trabajos en el Cine, Tele-Novelas, Documentales o Comerciales, a explorado los li\u0301mites de habitar las ima\u0301genes. A trave\u0301s de esta bu\u0301squeda ha trabajado en espacios virtuales y en la construccio\u0301n y disen\u0303o de arquitectura efi\u0301mera. Adema\u0301s de estudios en este\u0301tica es graduado de la Maestri\u0301a en artes pla\u0301sticas y visuales de la Universidad Nacional, en donde ha empezado a explorar la produccio\u0301n arti\u0301stica por medio de explorar el espacio como materia pla\u0301stica, asi\u0301 como los rasgos de cielo y de lo celesteque evoca su pasado como piloto comercial. Amplios conocimientos en disen\u0303o, y li\u0301der de sus equipos de trabajo. Actualmente esta trabajando en un proyecto doctoral, que investiga la manera de crear un sustento \u00e9tico basado en algoritmos; que permitan a la IA (Inteligencia artificial), explorar el arte y la creaci\u00f3n como l\u00edmite de la experiencia humana.\",\"sameAs\":[\"https:\/\/felipesanclemente.com\",\"https:\/\/www.facebook.com\/felipe.sanclemente\",\"https:\/\/www.instagram.com\/sandemente\/\",\"https:\/\/www.linkedin.com\/in\/felipesanclemente\/\",\"https:\/\/x.com\/https:\/\/x.com\/f_sanclemente\"],\"url\":\"https:\/\/felipesanclemente.com\/es\/author\/portfolio\/\"}]}<\/script>\n<!-- \/ Yoast SEO plugin. -->","yoast_head_json":{"title":"[:en]The sweet train of life (Sugar Cane)[:es]El dulce tren de la vida (Ca\u00f1ero)[:] - Felipe Sanclemente","robots":{"index":"index","follow":"follow","max-snippet":"max-snippet:-1","max-image-preview":"max-image-preview:large","max-video-preview":"max-video-preview:-1"},"canonical":"https:\/\/felipesanclemente.com\/el-dulce-tren-de-la-vida-canero\/","og_locale":"es_ES","og_type":"article","og_title":"[:en]The sweet train of life (Sugar Cane)[:es]El dulce tren de la vida (Ca\u00f1ero)[:] - Felipe Sanclemente","og_description":"Que ser\u00e1 lo que all\u00e1 viene, en un d\u00eda de calor, es un trencito ca\u00f1ero, trabajando con ardor Carta de despedida a mi madre GLADYS LLANOS DE SANCLEMENTE Querida vieja: Estos u\u0301ltimos di\u0301as han sido para mi de gran reflexio\u0301n al rememorar tu vida y tratar de recomponer tus pensamientos en la educacio\u0301n que me [&hellip;]","og_url":"https:\/\/felipesanclemente.com\/el-dulce-tren-de-la-vida-canero\/","og_site_name":"Felipe Sanclemente","article_author":"https:\/\/www.facebook.com\/felipe.sanclemente","article_published_time":"2019-01-12T14:27:10+00:00","article_modified_time":"2025-07-28T16:10:36+00:00","og_image":[{"width":2208,"height":889,"url":"https:\/\/felipesanclemente.com\/wp-content\/uploads\/2019\/01\/tren-dulce.jpg","type":"image\/jpeg"}],"author":"Sanclemente","twitter_card":"summary_large_image","twitter_creator":"@https:\/\/x.com\/f_sanclemente","twitter_misc":{"Escrito por":"Sanclemente","Tiempo de lectura":"8 minutos"},"schema":{"@context":"https:\/\/schema.org","@graph":[{"@type":"WebPage","@id":"https:\/\/felipesanclemente.com\/el-dulce-tren-de-la-vida-canero\/","url":"https:\/\/felipesanclemente.com\/el-dulce-tren-de-la-vida-canero\/","name":"[:en]The sweet train of life (Sugar Cane)[:es]El dulce tren de la vida (Ca\u00f1ero)[:] - Felipe Sanclemente","isPartOf":{"@id":"https:\/\/felipesanclemente.com\/#website"},"primaryImageOfPage":{"@id":"https:\/\/felipesanclemente.com\/el-dulce-tren-de-la-vida-canero\/#primaryimage"},"image":{"@id":"https:\/\/felipesanclemente.com\/el-dulce-tren-de-la-vida-canero\/#primaryimage"},"thumbnailUrl":"https:\/\/felipesanclemente.com\/wp-content\/uploads\/2019\/01\/tren-dulce.jpg","datePublished":"2019-01-12T14:27:10+00:00","dateModified":"2025-07-28T16:10:36+00:00","author":{"@id":"https:\/\/felipesanclemente.com\/#\/schema\/person\/e0f1657e375ab6af8c9e49533eaed851"},"breadcrumb":{"@id":"https:\/\/felipesanclemente.com\/el-dulce-tren-de-la-vida-canero\/#breadcrumb"},"inLanguage":"es","potentialAction":[{"@type":"ReadAction","target":["https:\/\/felipesanclemente.com\/el-dulce-tren-de-la-vida-canero\/"]}]},{"@type":"ImageObject","inLanguage":"es","@id":"https:\/\/felipesanclemente.com\/el-dulce-tren-de-la-vida-canero\/#primaryimage","url":"https:\/\/felipesanclemente.com\/wp-content\/uploads\/2019\/01\/tren-dulce.jpg","contentUrl":"https:\/\/felipesanclemente.com\/wp-content\/uploads\/2019\/01\/tren-dulce.jpg","width":2208,"height":889},{"@type":"BreadcrumbList","@id":"https:\/\/felipesanclemente.com\/el-dulce-tren-de-la-vida-canero\/#breadcrumb","itemListElement":[{"@type":"ListItem","position":1,"name":"Portada","item":"https:\/\/felipesanclemente.com\/"},{"@type":"ListItem","position":2,"name":"The sweet train of life (Sugar Cane)"}]},{"@type":"WebSite","@id":"https:\/\/felipesanclemente.com\/#website","url":"https:\/\/felipesanclemente.com\/","name":"Felipe Sanclemente","description":"Felipe Sanclemente Portfolio","potentialAction":[{"@type":"SearchAction","target":{"@type":"EntryPoint","urlTemplate":"https:\/\/felipesanclemente.com\/?s={search_term_string}"},"query-input":{"@type":"PropertyValueSpecification","valueRequired":true,"valueName":"search_term_string"}}],"inLanguage":"es"},{"@type":"Person","@id":"https:\/\/felipesanclemente.com\/#\/schema\/person\/e0f1657e375ab6af8c9e49533eaed851","name":"Sanclemente","image":{"@type":"ImageObject","inLanguage":"es","@id":"https:\/\/felipesanclemente.com\/#\/schema\/person\/image\/","url":"https:\/\/secure.gravatar.com\/avatar\/6db769b7900737bd48dfde7338307376431bea4381979fd9ccf712c8671ba90a?s=96&d=mm&r=g","contentUrl":"https:\/\/secure.gravatar.com\/avatar\/6db769b7900737bd48dfde7338307376431bea4381979fd9ccf712c8671ba90a?s=96&d=mm&r=g","caption":"Sanclemente"},"description":"Piloto, arquitecto, artista y creador audiovisual. Con 20 an\u0303os de experiencia en la produccio\u0301n audiovisual en diversos trabajos en el Cine, Tele-Novelas, Documentales o Comerciales, a explorado los li\u0301mites de habitar las ima\u0301genes. A trave\u0301s de esta bu\u0301squeda ha trabajado en espacios virtuales y en la construccio\u0301n y disen\u0303o de arquitectura efi\u0301mera. Adema\u0301s de estudios en este\u0301tica es graduado de la Maestri\u0301a en artes pla\u0301sticas y visuales de la Universidad Nacional, en donde ha empezado a explorar la produccio\u0301n arti\u0301stica por medio de explorar el espacio como materia pla\u0301stica, asi\u0301 como los rasgos de cielo y de lo celesteque evoca su pasado como piloto comercial. Amplios conocimientos en disen\u0303o, y li\u0301der de sus equipos de trabajo. Actualmente esta trabajando en un proyecto doctoral, que investiga la manera de crear un sustento \u00e9tico basado en algoritmos; que permitan a la IA (Inteligencia artificial), explorar el arte y la creaci\u00f3n como l\u00edmite de la experiencia humana.","sameAs":["https:\/\/felipesanclemente.com","https:\/\/www.facebook.com\/felipe.sanclemente","https:\/\/www.instagram.com\/sandemente\/","https:\/\/www.linkedin.com\/in\/felipesanclemente\/","https:\/\/x.com\/https:\/\/x.com\/f_sanclemente"],"url":"https:\/\/felipesanclemente.com\/es\/author\/portfolio\/"}]}},"jetpack_featured_media_url":"https:\/\/felipesanclemente.com\/wp-content\/uploads\/2019\/01\/tren-dulce.jpg","_links":{"self":[{"href":"https:\/\/felipesanclemente.com\/es\/wp-json\/wp\/v2\/posts\/1437","targetHints":{"allow":["GET"]}}],"collection":[{"href":"https:\/\/felipesanclemente.com\/es\/wp-json\/wp\/v2\/posts"}],"about":[{"href":"https:\/\/felipesanclemente.com\/es\/wp-json\/wp\/v2\/types\/post"}],"author":[{"embeddable":true,"href":"https:\/\/felipesanclemente.com\/es\/wp-json\/wp\/v2\/users\/1"}],"replies":[{"embeddable":true,"href":"https:\/\/felipesanclemente.com\/es\/wp-json\/wp\/v2\/comments?post=1437"}],"version-history":[{"count":0,"href":"https:\/\/felipesanclemente.com\/es\/wp-json\/wp\/v2\/posts\/1437\/revisions"}],"wp:featuredmedia":[{"embeddable":true,"href":"https:\/\/felipesanclemente.com\/es\/wp-json\/wp\/v2\/media\/1444"}],"wp:attachment":[{"href":"https:\/\/felipesanclemente.com\/es\/wp-json\/wp\/v2\/media?parent=1437"}],"wp:term":[{"taxonomy":"category","embeddable":true,"href":"https:\/\/felipesanclemente.com\/es\/wp-json\/wp\/v2\/categories?post=1437"},{"taxonomy":"post_tag","embeddable":true,"href":"https:\/\/felipesanclemente.com\/es\/wp-json\/wp\/v2\/tags?post=1437"}],"curies":[{"name":"wp","href":"https:\/\/api.w.org\/{rel}","templated":true}]}}